{"id":350,"date":"2019-12-13T10:00:36","date_gmt":"2019-12-13T09:00:36","guid":{"rendered":"http:\/\/lodysseeapetitspas.com\/?p=350"},"modified":"2022-03-02T16:28:17","modified_gmt":"2022-03-02T15:28:17","slug":"lamitie-na-pas-dage","status":"publish","type":"post","link":"https:\/\/lodysseeapetitspas.com\/index.php\/2019\/12\/13\/lamitie-na-pas-dage\/","title":{"rendered":"L&rsquo;amiti\u00e9 n&rsquo;a pas d&rsquo;\u00e2ge"},"content":{"rendered":"\n<p><strong>Partir 10 mois quand on a 35 ans, \u00e7a n\u2019est rien.<\/strong><\/p>\n\n\n\n<p><br>Mais lorsqu\u2019on est\u00a0<strong>un Enfant<\/strong>, c&rsquo;est diff\u00e9rent.\u00a0<strong>Comme si le temps n\u2019avait pas la m\u00eame valeur\u2026\u00a0<\/strong>un peu comme pour les chiens\u00a0<em>(bon ok, la comparaison n\u2019est pas tr\u00e8s subtile\u2026)<\/em><br><br>Partir\u00a0<strong>10 mois<\/strong>, quand on a<strong>\u00a06 ans<\/strong>, c\u2019est\u00a0<strong>TR\u00c8S long<\/strong>.\u00a0<br>Partir\u00a0<strong>10 mois<\/strong>, quand on a 4<strong>\u00a0ans et demi, c\u2019est TR\u00c8S TR\u00c8S long<\/strong>.\u00a0<br><strong>Alors quand on a 18 mois\u2026\u00a0<\/strong><br><br><strong>Ulysse\u00a0:\u00a0<\/strong><br><em>\u00ab\u00a0nanana\u00a0?\u2026 lodojodithozie\u2026\u00a0<strong>maman<\/strong>\u2026\u00a0<strong>papa<\/strong>\u2026.ncovoeozop\u2026. euh\u2026. ozezzergwxcvp\u2026 mfsps\u00a0\u00bb<\/em><br><br><strong>Traduction\u00a0:\u00a0<\/strong><br>\u00ab\u00a010 mois\u00a0? C\u2019est rien\u00a0! Du moment que papa et maman sont l\u00e0, je suis serein. Et si ma s\u0153ur et mon fr\u00e8re sont l\u00e0, je suis au complet. Ne vous en faites pas pour moi.\u00a0\u00bb<br><br><strong>Ouf, UN de sauv\u00e9.<\/strong><br><br><strong>Avant de partir<\/strong>, nous avons\u00a0<strong>essay\u00e9 d\u2019imaginer quelles difficult\u00e9s<\/strong>\u00a0nous allions rencontrer avec les enfants.\u00a0<br><br>Nous avons \u00e9videmment pens\u00e9 au\u00a0<strong>\u00ab\u00a0manque\u00a0\u00bb<\/strong><em> (non, non, nos enfants ne sont pas sous amph\u00e9tamine)<\/em>. Le manque des personnes qu\u2019ils aiment\u2026\u00a0<strong>le manque des membres de la famille<\/strong> : c&rsquo;est ce qui nous est apparu\u00a0<strong>le plus probable.<\/strong><\/p>\n\n\n\n<p>Nous nous \u00e9tions vus&nbsp;<strong>d\u00e8s le premier mois&nbsp;<\/strong>avec une&nbsp;<strong>crise de larmes<\/strong>&nbsp;par ci ou&nbsp;<strong>un chagrin<\/strong>&nbsp;par l\u00e0 car ils auraient pris conscience&nbsp;<em>(au moins un peu)<\/em>&nbsp;du c\u00f4t\u00e9 \u00ab\u00a0irr\u00e9versiblement long\u00a0\u00bb du Grand Voyage.&nbsp;<br><br><strong>Mais que nenni. Rien de tout cela<\/strong><em> (jusqu\u2019ici).&nbsp;<\/em><br><strong>Et on ne s&rsquo;en plaint pas.<\/strong><\/p>\n\n\n\n<p>Je veux tout de suite\u00a0<strong>rassurer les membres de notre famille<\/strong><em> (coucou tout le monde)\u00a0<\/em>vous n&rsquo;\u00eates pas tomb\u00e9s dans<strong>\u00a0les tr\u00e9fonds de l&rsquo;oubli<\/strong><em> (pas encore&#8230;).<\/em><\/p>\n\n\n\n<p>On parle\u00a0<strong>r\u00e9guli\u00e8rement<\/strong>\u00a0de la famille,\u00a0<strong>sereinement<\/strong>. Les enfants racontent tant\u00f4t une anecdote, tant\u00f4t un trait de caract\u00e8re, parfois un souvenir&#8230; ou y vont de leurs commentaires.<br><br>Pendant une randonn\u00e9e,\u00a0<strong>Lysandre parlant de son papi et sa mamie:<\/strong><br><em>\u00ab\u00a0Non mais y\u2019a pas que Panou et Mouna qui savent bien marcher dans la montagne hein, nous aussi on a des muscles et on sait bien monter! &#8230; hein Maman !? \u00bb\u00a0<\/em><\/p>\n\n\n\n<p>En fin de journ\u00e9e \u00e0 la maison,\u00a0<strong>Apolline fait r\u00e9f\u00e9rence \u00e0 son cousin:<\/strong><br><em>\u00ab\u00a0Papa, tu peux mettre la chanson pr\u00e9f\u00e9r\u00e9e de Camille pour qu\u2019on danse\u00a0?!\u00a0\u00bb<\/em><br><br><strong>Ce que nous n\u2019avions pas anticip\u00e9 en revanche, c\u2019\u00e9tait le manque de leur meilleur.e ami.e.\u00a0<\/strong><\/p>\n\n\n\n<p><br>L\u2019Enfant serait donc lui aussi un \u00eatre sociable\u2026 <em>(pfffff\u2026 d\u00e9cid\u00e9ment, quelle gal\u00e8re)<\/em><br><br>D\u00e8s que nous avons commenc\u00e9 \u00e0 parler du fait que c\u2019\u00e9tait\u00a0<strong>la rentr\u00e9e en France<\/strong><em> ,<\/em>\u00a0<strong>le manque s\u2019est fait sentir. FORTEMENT.\u00a0<\/strong><br><br><strong>Apolline\u00a0:<\/strong><em>\u00ab\u00a0<strong>Pfffff<\/strong>\u2026. J\u2019ai envie de voir ma copine,\u00a0<strong>l\u00e0\u00a0<\/strong>! Je veux aller \u00e0 l&rsquo;\u00e9cole moi! &#8230; Non mais Maman\u2026. mais\u00a0<strong>VRAIMENT<\/strong>, explique-moi \u2026mais\u00a0<strong>POURQUOI on est partis en Grand Voyage\u00a0!!??<\/strong>\u00bb<\/em><br><br><strong>GLOUPS.\u00a0<\/strong><em>(j\u2019ai l\u2019impression que je\u00a0vais passer un oral de concours\u2026 je me concentre et prends mon temps pour choisir mes mots)<\/em><br><br>Elle en profite pour en\u00a0<strong>remettre une dose.<\/strong><\/p>\n\n\n\n<p><em>\u00ab\u00a0<strong>Explique-moi BIEN\u00a0<\/strong>Maman l\u00e0, parce que\u00a0<strong>JE\u00a0COMPRENDS RIEN\u00a0DU TOUT<\/strong>\u00bb.<\/em><br><br><em>(merci pour le coup de pression suppl\u00e9mentaire\u2026 il va falloir \u00eatre pertinente)<\/em><br><br><strong>Alors j\u2019ai pris le temps d\u2019expliquer, j\u2019ai fait de mon mieux. J\u2019ai donn\u00e9 des arguments\u00a0<\/strong><em>(mais pas trop)<\/em>,\u00a0<strong>j\u2019ai essay\u00e9 de me mettre \u00e0 sa place, j\u2019ai essay\u00e9 d\u2019\u00eatre p\u00e9dagogue\u2026<\/strong><em>(alors que je suis en cong\u00e9\u2026 pas \u00e9vident cette affaire).<\/em><br><br><strong>La vague est pass\u00e9e, je n\u2019ai pas bu la tasse.<\/strong><em>\u00a0(pour le moment)<\/em><br><br><strong>A d\u00e9faut de mieux,<\/strong>\u00a0le pr\u00e9nom de sa meilleure copine est \u00e9crit dans\u00a0<strong>le cahier d\u2019\u00e9criture<\/strong> mais aussi dans\u00a0<strong>le carnet de voyage<\/strong>. <strong>Une carte postale<\/strong>\u00a0est partie,<strong>\u00a0le masque<\/strong> r\u00e9alis\u00e9 dans le carton d&rsquo;une bo\u00eete de c\u00e9r\u00e9ales\u00a0<strong>est pour cette amie<\/strong>\u2026 j\u2019en passe et des meilleures.\u00a0<br><br><strong>Lysandre n\u2019est pas \u00e9pargn\u00e9 par ce sentiment de manque.<\/strong>\u00a0C&rsquo;est distill\u00e9 \u00e0 doses hom\u00e9opathiques au fil des jours :<br><em>\u00ab\u00a0Owen, \u00e7a commence par un O\u00a0\u00bb<br>\u00a0\u00ab\u00a0Est-ce que mon copain Owen, il est \u00e0 l\u2019\u00e9cole en ce moment\u00a0?\u00a0\u00bb<br>\u00ab\u00a0Regarde, j\u2019ai 4 b\u00e2tons, je peux faire un W. Owen, il a un W dans son pr\u00e9nom\u00a0\u00bb<br>\u00a0\u00ab\u00a0Mamaaaaan, j\u2019ai tellement envie de voir mon copain Owen\u00a0\u00bb<\/em><br><br>Parfois,\u00a0<strong>\u00e7a me rend triste de les priver de ce lien fort avec leur \u00e2me s\u0153ur<\/strong><em> (ou fr\u00e8re\u2026 mouhahaha)\u00a0<\/em>m\u00eame si je sais que<strong>\u00a0c\u2019est un mal pour un bien.<\/strong><br><br><strong>Mais il est si beau de voir que l\u2019Amiti\u00e9 n\u2019a pas d\u2019\u00e2ge.<\/strong><br><br>Alors pour\u00a0<strong>g\u00e9rer ce manque et l\u2019absence de leur\u00a0<em>alter ego\u00a0<\/em><\/strong><em>(que nous ne pouvons pas combler)<\/em>, nous faisons de notre mieux.<\/p>\n\n\n\n<p><strong>Nous ne minimisons pas, ni ne d\u00e9nigrons leur difficult\u00e9<\/strong>. Nous faisons preuve&nbsp;<strong>d\u2019\u00e9coute<\/strong>, de&nbsp;<strong>respect<\/strong>&nbsp;et&nbsp;<strong>d\u2019empathie<\/strong>, comme le \u00ab\u00a0veut\u00a0\u00bb la&nbsp;parentalit\u00e9 positive et bienveillante que nous ch\u00e9rissons tant.<\/p>\n\n\n\n<p>Il faut dire que nous avons\u00a0<strong>tr\u00e8s peu de m\u00e9rite pour ce qui est de l&#8217;empathie sur ce coup l\u00e0&#8230;<\/strong><br>&#8230;\u00a0<strong>NOUS AUSSI<\/strong>, on se ferait bien une petite\u00a0<em>(ou une grosse?)<\/em><strong> soir\u00e9e ap\u00e9ro-rigolade avec nos amis!\u00a0<\/strong><\/p>\n\n\n\n<p>23.09.2019<br><\/p>\n","protected":false},"excerpt":{"rendered":"<p>Partir 10 mois quand on a 35 ans, \u00e7a n\u2019est rien. Mais lorsqu\u2019on est\u00a0un Enfant, c&rsquo;est diff\u00e9rent.\u00a0Comme si le temps n\u2019avait pas la m\u00eame valeur\u2026\u00a0un peu comme pour les chiens\u00a0(bon ok, la comparaison n\u2019est pas tr\u00e8s subtile\u2026) Partir\u00a010 mois, quand on a\u00a06 ans, c\u2019est\u00a0TR\u00c8S long.\u00a0Partir\u00a010 mois, quand on a 4\u00a0ans et demi, c\u2019est TR\u00c8S TR\u00c8S [&hellip;]<\/p>\n","protected":false},"author":1,"featured_media":542,"comment_status":"open","ping_status":"open","sticky":false,"template":"","format":"standard","meta":{"_et_pb_use_builder":"","_et_pb_old_content":"","_et_gb_content_width":"","footnotes":""},"categories":[11],"tags":[43],"class_list":["post-350","post","type-post","status-publish","format-standard","has-post-thumbnail","hentry","category-tour-du-monde","tag-carnetdebord"],"yoast_head":"<!-- This site is optimized with the Yoast SEO plugin v24.5 - https:\/\/yoast.com\/wordpress\/plugins\/seo\/ -->\n<title>L&#039;amiti\u00e9 n&#039;a pas d&#039;\u00e2ge - Guide de voyage en parentalit\u00e9<\/title>\n<meta name=\"robots\" content=\"index, follow, max-snippet:-1, max-image-preview:large, max-video-preview:-1\" \/>\n<link rel=\"canonical\" href=\"https:\/\/lodysseeapetitspas.com\/index.php\/2019\/12\/13\/lamitie-na-pas-dage\/\" \/>\n<meta property=\"og:locale\" content=\"fr_FR\" \/>\n<meta property=\"og:type\" content=\"article\" \/>\n<meta property=\"og:title\" content=\"L&#039;amiti\u00e9 n&#039;a pas d&#039;\u00e2ge - Guide de voyage en parentalit\u00e9\" \/>\n<meta property=\"og:description\" content=\"Partir 10 mois quand on a 35 ans, \u00e7a n\u2019est rien. Mais lorsqu\u2019on est\u00a0un Enfant, c&rsquo;est diff\u00e9rent.\u00a0Comme si le temps n\u2019avait pas la m\u00eame valeur\u2026\u00a0un peu comme pour les chiens\u00a0(bon ok, la comparaison n\u2019est pas tr\u00e8s subtile\u2026) Partir\u00a010 mois, quand on a\u00a06 ans, c\u2019est\u00a0TR\u00c8S long.\u00a0Partir\u00a010 mois, quand on a 4\u00a0ans et demi, c\u2019est TR\u00c8S TR\u00c8S [&hellip;]\" \/>\n<meta property=\"og:url\" content=\"https:\/\/lodysseeapetitspas.com\/index.php\/2019\/12\/13\/lamitie-na-pas-dage\/\" \/>\n<meta property=\"og:site_name\" content=\"Guide de voyage en parentalit\u00e9\" \/>\n<meta property=\"article:publisher\" content=\"https:\/\/www.facebook.com\/LOdysseeAPetitsPas\" \/>\n<meta property=\"article:published_time\" content=\"2019-12-13T09:00:36+00:00\" \/>\n<meta property=\"article:modified_time\" content=\"2022-03-02T15:28:17+00:00\" \/>\n<meta property=\"og:image\" content=\"https:\/\/lodysseeapetitspas.com\/wp-content\/uploads\/2019\/12\/lamitie\u0301-scaled.jpg\" \/>\n\t<meta property=\"og:image:width\" content=\"1920\" \/>\n\t<meta property=\"og:image:height\" content=\"2560\" \/>\n\t<meta property=\"og:image:type\" content=\"image\/jpeg\" \/>\n<meta name=\"author\" content=\"Cl\u00e9mence\" \/>\n<meta name=\"twitter:card\" content=\"summary_large_image\" \/>\n<meta name=\"twitter:label1\" content=\"\u00c9crit par\" \/>\n\t<meta name=\"twitter:data1\" content=\"Cl\u00e9mence\" \/>\n\t<meta name=\"twitter:label2\" content=\"Dur\u00e9e de lecture estim\u00e9e\" \/>\n\t<meta name=\"twitter:data2\" content=\"4 minutes\" \/>\n<script type=\"application\/ld+json\" class=\"yoast-schema-graph\">{\"@context\":\"https:\/\/schema.org\",\"@graph\":[{\"@type\":\"Article\",\"@id\":\"https:\/\/lodysseeapetitspas.com\/index.php\/2019\/12\/13\/lamitie-na-pas-dage\/#article\",\"isPartOf\":{\"@id\":\"https:\/\/lodysseeapetitspas.com\/index.php\/2019\/12\/13\/lamitie-na-pas-dage\/\"},\"author\":{\"name\":\"Cl\u00e9mence\",\"@id\":\"https:\/\/lodysseeapetitspas.com\/#\/schema\/person\/c56091c36fece594c973062a4eec4dd1\"},\"headline\":\"L&rsquo;amiti\u00e9 n&rsquo;a pas d&rsquo;\u00e2ge\",\"datePublished\":\"2019-12-13T09:00:36+00:00\",\"dateModified\":\"2022-03-02T15:28:17+00:00\",\"mainEntityOfPage\":{\"@id\":\"https:\/\/lodysseeapetitspas.com\/index.php\/2019\/12\/13\/lamitie-na-pas-dage\/\"},\"wordCount\":865,\"commentCount\":0,\"publisher\":{\"@id\":\"https:\/\/lodysseeapetitspas.com\/#organization\"},\"image\":{\"@id\":\"https:\/\/lodysseeapetitspas.com\/index.php\/2019\/12\/13\/lamitie-na-pas-dage\/#primaryimage\"},\"thumbnailUrl\":\"https:\/\/lodysseeapetitspas.com\/wp-content\/uploads\/2019\/12\/lamitie\u0301-scaled.jpg\",\"keywords\":[\"Carnet de bord\"],\"articleSection\":[\"TOUR DU MONDE\"],\"inLanguage\":\"fr-FR\",\"potentialAction\":[{\"@type\":\"CommentAction\",\"name\":\"Comment\",\"target\":[\"https:\/\/lodysseeapetitspas.com\/index.php\/2019\/12\/13\/lamitie-na-pas-dage\/#respond\"]}]},{\"@type\":\"WebPage\",\"@id\":\"https:\/\/lodysseeapetitspas.com\/index.php\/2019\/12\/13\/lamitie-na-pas-dage\/\",\"url\":\"https:\/\/lodysseeapetitspas.com\/index.php\/2019\/12\/13\/lamitie-na-pas-dage\/\",\"name\":\"L'amiti\u00e9 n'a pas d'\u00e2ge - Guide de voyage en parentalit\u00e9\",\"isPartOf\":{\"@id\":\"https:\/\/lodysseeapetitspas.com\/#website\"},\"primaryImageOfPage\":{\"@id\":\"https:\/\/lodysseeapetitspas.com\/index.php\/2019\/12\/13\/lamitie-na-pas-dage\/#primaryimage\"},\"image\":{\"@id\":\"https:\/\/lodysseeapetitspas.com\/index.php\/2019\/12\/13\/lamitie-na-pas-dage\/#primaryimage\"},\"thumbnailUrl\":\"https:\/\/lodysseeapetitspas.com\/wp-content\/uploads\/2019\/12\/lamitie\u0301-scaled.jpg\",\"datePublished\":\"2019-12-13T09:00:36+00:00\",\"dateModified\":\"2022-03-02T15:28:17+00:00\",\"breadcrumb\":{\"@id\":\"https:\/\/lodysseeapetitspas.com\/index.php\/2019\/12\/13\/lamitie-na-pas-dage\/#breadcrumb\"},\"inLanguage\":\"fr-FR\",\"potentialAction\":[{\"@type\":\"ReadAction\",\"target\":[\"https:\/\/lodysseeapetitspas.com\/index.php\/2019\/12\/13\/lamitie-na-pas-dage\/\"]}]},{\"@type\":\"ImageObject\",\"inLanguage\":\"fr-FR\",\"@id\":\"https:\/\/lodysseeapetitspas.com\/index.php\/2019\/12\/13\/lamitie-na-pas-dage\/#primaryimage\",\"url\":\"https:\/\/lodysseeapetitspas.com\/wp-content\/uploads\/2019\/12\/lamitie\u0301-scaled.jpg\",\"contentUrl\":\"https:\/\/lodysseeapetitspas.com\/wp-content\/uploads\/2019\/12\/lamitie\u0301-scaled.jpg\",\"width\":1920,\"height\":2560},{\"@type\":\"BreadcrumbList\",\"@id\":\"https:\/\/lodysseeapetitspas.com\/index.php\/2019\/12\/13\/lamitie-na-pas-dage\/#breadcrumb\",\"itemListElement\":[{\"@type\":\"ListItem\",\"position\":1,\"name\":\"Accueil\",\"item\":\"https:\/\/lodysseeapetitspas.com\/\"},{\"@type\":\"ListItem\",\"position\":2,\"name\":\"L&rsquo;amiti\u00e9 n&rsquo;a pas d&rsquo;\u00e2ge\"}]},{\"@type\":\"WebSite\",\"@id\":\"https:\/\/lodysseeapetitspas.com\/#website\",\"url\":\"https:\/\/lodysseeapetitspas.com\/\",\"name\":\"Guide de voyage en parentalit\u00e9\",\"description\":\"La Parentalit\u00e9 est un voyage... bienvenue \u00e0 bord!!\",\"publisher\":{\"@id\":\"https:\/\/lodysseeapetitspas.com\/#organization\"},\"potentialAction\":[{\"@type\":\"SearchAction\",\"target\":{\"@type\":\"EntryPoint\",\"urlTemplate\":\"https:\/\/lodysseeapetitspas.com\/?s={search_term_string}\"},\"query-input\":{\"@type\":\"PropertyValueSpecification\",\"valueRequired\":true,\"valueName\":\"search_term_string\"}}],\"inLanguage\":\"fr-FR\"},{\"@type\":\"Organization\",\"@id\":\"https:\/\/lodysseeapetitspas.com\/#organization\",\"name\":\"L'Odyss\u00e9e \u00e0 petits pas\",\"url\":\"https:\/\/lodysseeapetitspas.com\/\",\"logo\":{\"@type\":\"ImageObject\",\"inLanguage\":\"fr-FR\",\"@id\":\"https:\/\/lodysseeapetitspas.com\/#\/schema\/logo\/image\/\",\"url\":\"https:\/\/lodysseeapetitspas.com\/wp-content\/uploads\/2022\/03\/L_TYPO.png\",\"contentUrl\":\"https:\/\/lodysseeapetitspas.com\/wp-content\/uploads\/2022\/03\/L_TYPO.png\",\"width\":1251,\"height\":512,\"caption\":\"L'Odyss\u00e9e \u00e0 petits pas\"},\"image\":{\"@id\":\"https:\/\/lodysseeapetitspas.com\/#\/schema\/logo\/image\/\"},\"sameAs\":[\"https:\/\/www.facebook.com\/LOdysseeAPetitsPas\",\"https:\/\/instagram.com\/lodysseeapetitspas?fbclid=IwAR0nA5gpNRAqJpGxzqUpH7OrHwj198FqqiKSOVdLDvgvcbHBOzRkseCFKFc\",\"https:\/\/www.youtube.com\/channel\/UC1eRH0sOgTwnRTWfztNjQww\"]},{\"@type\":\"Person\",\"@id\":\"https:\/\/lodysseeapetitspas.com\/#\/schema\/person\/c56091c36fece594c973062a4eec4dd1\",\"name\":\"Cl\u00e9mence\",\"image\":{\"@type\":\"ImageObject\",\"inLanguage\":\"fr-FR\",\"@id\":\"https:\/\/lodysseeapetitspas.com\/#\/schema\/person\/image\/\",\"url\":\"https:\/\/secure.gravatar.com\/avatar\/f834552028cd6c1e6b1d89dee9f3f61f?s=96&d=mm&r=g\",\"contentUrl\":\"https:\/\/secure.gravatar.com\/avatar\/f834552028cd6c1e6b1d89dee9f3f61f?s=96&d=mm&r=g\",\"caption\":\"Cl\u00e9mence\"}}]}<\/script>\n<!-- \/ Yoast SEO plugin. -->","yoast_head_json":{"title":"L'amiti\u00e9 n'a pas d'\u00e2ge - Guide de voyage en parentalit\u00e9","robots":{"index":"index","follow":"follow","max-snippet":"max-snippet:-1","max-image-preview":"max-image-preview:large","max-video-preview":"max-video-preview:-1"},"canonical":"https:\/\/lodysseeapetitspas.com\/index.php\/2019\/12\/13\/lamitie-na-pas-dage\/","og_locale":"fr_FR","og_type":"article","og_title":"L'amiti\u00e9 n'a pas d'\u00e2ge - Guide de voyage en parentalit\u00e9","og_description":"Partir 10 mois quand on a 35 ans, \u00e7a n\u2019est rien. Mais lorsqu\u2019on est\u00a0un Enfant, c&rsquo;est diff\u00e9rent.\u00a0Comme si le temps n\u2019avait pas la m\u00eame valeur\u2026\u00a0un peu comme pour les chiens\u00a0(bon ok, la comparaison n\u2019est pas tr\u00e8s subtile\u2026) Partir\u00a010 mois, quand on a\u00a06 ans, c\u2019est\u00a0TR\u00c8S long.\u00a0Partir\u00a010 mois, quand on a 4\u00a0ans et demi, c\u2019est TR\u00c8S TR\u00c8S [&hellip;]","og_url":"https:\/\/lodysseeapetitspas.com\/index.php\/2019\/12\/13\/lamitie-na-pas-dage\/","og_site_name":"Guide de voyage en parentalit\u00e9","article_publisher":"https:\/\/www.facebook.com\/LOdysseeAPetitsPas","article_published_time":"2019-12-13T09:00:36+00:00","article_modified_time":"2022-03-02T15:28:17+00:00","og_image":[{"width":1920,"height":2560,"url":"https:\/\/lodysseeapetitspas.com\/wp-content\/uploads\/2019\/12\/lamitie\u0301-scaled.jpg","type":"image\/jpeg"}],"author":"Cl\u00e9mence","twitter_card":"summary_large_image","twitter_misc":{"\u00c9crit par":"Cl\u00e9mence","Dur\u00e9e de lecture estim\u00e9e":"4 minutes"},"schema":{"@context":"https:\/\/schema.org","@graph":[{"@type":"Article","@id":"https:\/\/lodysseeapetitspas.com\/index.php\/2019\/12\/13\/lamitie-na-pas-dage\/#article","isPartOf":{"@id":"https:\/\/lodysseeapetitspas.com\/index.php\/2019\/12\/13\/lamitie-na-pas-dage\/"},"author":{"name":"Cl\u00e9mence","@id":"https:\/\/lodysseeapetitspas.com\/#\/schema\/person\/c56091c36fece594c973062a4eec4dd1"},"headline":"L&rsquo;amiti\u00e9 n&rsquo;a pas d&rsquo;\u00e2ge","datePublished":"2019-12-13T09:00:36+00:00","dateModified":"2022-03-02T15:28:17+00:00","mainEntityOfPage":{"@id":"https:\/\/lodysseeapetitspas.com\/index.php\/2019\/12\/13\/lamitie-na-pas-dage\/"},"wordCount":865,"commentCount":0,"publisher":{"@id":"https:\/\/lodysseeapetitspas.com\/#organization"},"image":{"@id":"https:\/\/lodysseeapetitspas.com\/index.php\/2019\/12\/13\/lamitie-na-pas-dage\/#primaryimage"},"thumbnailUrl":"https:\/\/lodysseeapetitspas.com\/wp-content\/uploads\/2019\/12\/lamitie\u0301-scaled.jpg","keywords":["Carnet de bord"],"articleSection":["TOUR DU MONDE"],"inLanguage":"fr-FR","potentialAction":[{"@type":"CommentAction","name":"Comment","target":["https:\/\/lodysseeapetitspas.com\/index.php\/2019\/12\/13\/lamitie-na-pas-dage\/#respond"]}]},{"@type":"WebPage","@id":"https:\/\/lodysseeapetitspas.com\/index.php\/2019\/12\/13\/lamitie-na-pas-dage\/","url":"https:\/\/lodysseeapetitspas.com\/index.php\/2019\/12\/13\/lamitie-na-pas-dage\/","name":"L'amiti\u00e9 n'a pas d'\u00e2ge - Guide de voyage en parentalit\u00e9","isPartOf":{"@id":"https:\/\/lodysseeapetitspas.com\/#website"},"primaryImageOfPage":{"@id":"https:\/\/lodysseeapetitspas.com\/index.php\/2019\/12\/13\/lamitie-na-pas-dage\/#primaryimage"},"image":{"@id":"https:\/\/lodysseeapetitspas.com\/index.php\/2019\/12\/13\/lamitie-na-pas-dage\/#primaryimage"},"thumbnailUrl":"https:\/\/lodysseeapetitspas.com\/wp-content\/uploads\/2019\/12\/lamitie\u0301-scaled.jpg","datePublished":"2019-12-13T09:00:36+00:00","dateModified":"2022-03-02T15:28:17+00:00","breadcrumb":{"@id":"https:\/\/lodysseeapetitspas.com\/index.php\/2019\/12\/13\/lamitie-na-pas-dage\/#breadcrumb"},"inLanguage":"fr-FR","potentialAction":[{"@type":"ReadAction","target":["https:\/\/lodysseeapetitspas.com\/index.php\/2019\/12\/13\/lamitie-na-pas-dage\/"]}]},{"@type":"ImageObject","inLanguage":"fr-FR","@id":"https:\/\/lodysseeapetitspas.com\/index.php\/2019\/12\/13\/lamitie-na-pas-dage\/#primaryimage","url":"https:\/\/lodysseeapetitspas.com\/wp-content\/uploads\/2019\/12\/lamitie\u0301-scaled.jpg","contentUrl":"https:\/\/lodysseeapetitspas.com\/wp-content\/uploads\/2019\/12\/lamitie\u0301-scaled.jpg","width":1920,"height":2560},{"@type":"BreadcrumbList","@id":"https:\/\/lodysseeapetitspas.com\/index.php\/2019\/12\/13\/lamitie-na-pas-dage\/#breadcrumb","itemListElement":[{"@type":"ListItem","position":1,"name":"Accueil","item":"https:\/\/lodysseeapetitspas.com\/"},{"@type":"ListItem","position":2,"name":"L&rsquo;amiti\u00e9 n&rsquo;a pas d&rsquo;\u00e2ge"}]},{"@type":"WebSite","@id":"https:\/\/lodysseeapetitspas.com\/#website","url":"https:\/\/lodysseeapetitspas.com\/","name":"Guide de voyage en parentalit\u00e9","description":"La Parentalit\u00e9 est un voyage... bienvenue \u00e0 bord!!","publisher":{"@id":"https:\/\/lodysseeapetitspas.com\/#organization"},"potentialAction":[{"@type":"SearchAction","target":{"@type":"EntryPoint","urlTemplate":"https:\/\/lodysseeapetitspas.com\/?s={search_term_string}"},"query-input":{"@type":"PropertyValueSpecification","valueRequired":true,"valueName":"search_term_string"}}],"inLanguage":"fr-FR"},{"@type":"Organization","@id":"https:\/\/lodysseeapetitspas.com\/#organization","name":"L'Odyss\u00e9e \u00e0 petits pas","url":"https:\/\/lodysseeapetitspas.com\/","logo":{"@type":"ImageObject","inLanguage":"fr-FR","@id":"https:\/\/lodysseeapetitspas.com\/#\/schema\/logo\/image\/","url":"https:\/\/lodysseeapetitspas.com\/wp-content\/uploads\/2022\/03\/L_TYPO.png","contentUrl":"https:\/\/lodysseeapetitspas.com\/wp-content\/uploads\/2022\/03\/L_TYPO.png","width":1251,"height":512,"caption":"L'Odyss\u00e9e \u00e0 petits pas"},"image":{"@id":"https:\/\/lodysseeapetitspas.com\/#\/schema\/logo\/image\/"},"sameAs":["https:\/\/www.facebook.com\/LOdysseeAPetitsPas","https:\/\/instagram.com\/lodysseeapetitspas?fbclid=IwAR0nA5gpNRAqJpGxzqUpH7OrHwj198FqqiKSOVdLDvgvcbHBOzRkseCFKFc","https:\/\/www.youtube.com\/channel\/UC1eRH0sOgTwnRTWfztNjQww"]},{"@type":"Person","@id":"https:\/\/lodysseeapetitspas.com\/#\/schema\/person\/c56091c36fece594c973062a4eec4dd1","name":"Cl\u00e9mence","image":{"@type":"ImageObject","inLanguage":"fr-FR","@id":"https:\/\/lodysseeapetitspas.com\/#\/schema\/person\/image\/","url":"https:\/\/secure.gravatar.com\/avatar\/f834552028cd6c1e6b1d89dee9f3f61f?s=96&d=mm&r=g","contentUrl":"https:\/\/secure.gravatar.com\/avatar\/f834552028cd6c1e6b1d89dee9f3f61f?s=96&d=mm&r=g","caption":"Cl\u00e9mence"}}]}},"_links":{"self":[{"href":"https:\/\/lodysseeapetitspas.com\/index.php\/wp-json\/wp\/v2\/posts\/350","targetHints":{"allow":["GET"]}}],"collection":[{"href":"https:\/\/lodysseeapetitspas.com\/index.php\/wp-json\/wp\/v2\/posts"}],"about":[{"href":"https:\/\/lodysseeapetitspas.com\/index.php\/wp-json\/wp\/v2\/types\/post"}],"author":[{"embeddable":true,"href":"https:\/\/lodysseeapetitspas.com\/index.php\/wp-json\/wp\/v2\/users\/1"}],"replies":[{"embeddable":true,"href":"https:\/\/lodysseeapetitspas.com\/index.php\/wp-json\/wp\/v2\/comments?post=350"}],"version-history":[{"count":2,"href":"https:\/\/lodysseeapetitspas.com\/index.php\/wp-json\/wp\/v2\/posts\/350\/revisions"}],"predecessor-version":[{"id":541,"href":"https:\/\/lodysseeapetitspas.com\/index.php\/wp-json\/wp\/v2\/posts\/350\/revisions\/541"}],"wp:featuredmedia":[{"embeddable":true,"href":"https:\/\/lodysseeapetitspas.com\/index.php\/wp-json\/wp\/v2\/media\/542"}],"wp:attachment":[{"href":"https:\/\/lodysseeapetitspas.com\/index.php\/wp-json\/wp\/v2\/media?parent=350"}],"wp:term":[{"taxonomy":"category","embeddable":true,"href":"https:\/\/lodysseeapetitspas.com\/index.php\/wp-json\/wp\/v2\/categories?post=350"},{"taxonomy":"post_tag","embeddable":true,"href":"https:\/\/lodysseeapetitspas.com\/index.php\/wp-json\/wp\/v2\/tags?post=350"}],"curies":[{"name":"wp","href":"https:\/\/api.w.org\/{rel}","templated":true}]}}